{"id":9350,"date":"2021-06-27T22:13:25","date_gmt":"2021-06-27T22:13:25","guid":{"rendered":"https:\/\/www.lowcostivf.net\/?p=9350"},"modified":"2021-06-27T22:42:34","modified_gmt":"2021-06-27T22:42:34","slug":"covid-19-vaccination-and-ivf","status":"publish","type":"post","link":"https:\/\/www.lowcostivf.net\/es\/latest-news-from-north-cyprus-ivf-center\/covid-19-vaccination-and-ivf\/","title":{"rendered":"Vacunaci\u00f3n Covid-19 y FIV"},"content":{"rendered":"<p>Muchas mujeres que consideran el tratamiento de FIV durante estos tiempos dif\u00edciles de la pandemia de COVID-19 se han enfrentado a desaf\u00edos adicionales. Han surgido los datos relativos al COVID-19, la vacunaci\u00f3n, los efectos de la infecci\u00f3n por COVID-19 en el embarazo, la transformaci\u00f3n de la infecci\u00f3n por COVID-19 al lactante y muchas m\u00e1s preguntas preocupantes.<\/p>\n\n\n\n<p>Huelga decir que este es todav\u00eda un territorio desconocido para la literatura actual. Sin embargo, la evidencia sugiere que:<\/p>\n\n\n\n<ul class=\"wp-block-list\"><li>Despu\u00e9s del tratamiento de FIV, si una mujer contrae COVID-19, no existen riesgos conocidos para la salud del beb\u00e9. A medida que se informen m\u00e1s casos, podremos comentar m\u00e1s sobre dicha probabilidad.<br><\/li><li>No hay informaci\u00f3n que sugiera una asociaci\u00f3n positiva o negativa entre la vacunaci\u00f3n y el resultado de la FIV<br><\/li><li>El procedimiento est\u00e1ndar con la mayor\u00eda de las vacunas es permitir un per\u00edodo de dos meses entre la vacunaci\u00f3n y el tratamiento. Esto es lo que recomienda nuestro hospital.<br><\/li><li>Si no est\u00e1 vacunado, a\u00fan puede continuar con el tratamiento de FIV. Sin embargo, dados los datos insuficientes sobre la vacunaci\u00f3n durante el embarazo y las posibles complicaciones a corto y largo plazo, ser\u00eda recomendable esperar hasta el parto de tu hijo para vacunarte.<br><\/li><li>Hasta el momento, no hay informes negativos sobre el impacto de la vacunaci\u00f3n en la salud del beb\u00e9. Cuando sigan llegando m\u00e1s n\u00fameros, podemos cambiar nuestra recomendaci\u00f3n a favor de la vacunaci\u00f3n durante el embarazo.<br><\/li><li>El efecto de la infecci\u00f3n por COVID-19 en el embarazo no se conoce por completo debido a la falta de datos confiables. Hay informes que muestran partos saludables de mujeres que contrajeron COVID-19. Sin embargo, a\u00fan no se conocen los resultados de salud a largo plazo.<br><\/li><li>Las mujeres embarazadas con infecci\u00f3n por COVID-19 pueden correr un mayor riesgo de dar a luz a su beb\u00e9 antes de las 37 semanas. Se deben tomar medidas para protegerse de enfermarse, ya que esta es la \u00fanica forma de ofrecer protecci\u00f3n a los padres y a su beb\u00e9 en tiempos sin precedentes.<\/li><\/ul>","protected":false},"excerpt":{"rendered":"<p>Muchas mujeres que est\u00e1n considerando un tratamiento de FIV durante estos tiempos dif\u00edciles de la pandemia de COVID-19 se han enfrentado a desaf\u00edos adicionales. Han surgido los datos relacionados con el COVID-19, la vacunaci\u00f3n, los efectos de la infecci\u00f3n por COVID-19 en el embarazo, la transformaci\u00f3n de la infecci\u00f3n por COVID-19 en el beb\u00e9 y muchas m\u00e1s preguntas preocupantes. No hace falta decir que \u00e9ste es todav\u00eda un territorio desconocido para los actuales [\u2026]<\/p>","protected":false},"author":2,"featured_media":9351,"comment_status":"open","ping_status":"closed","sticky":false,"template":"","format":"standard","meta":{"footnotes":""},"categories":[55,116],"tags":[131,100,68,69],"class_list":["post-9350","post","type-post","status-publish","format-standard","has-post-thumbnail","hentry","category-ivf-treatment","category-news","tag-covid-19-ivf","tag-ivf-treatment-abroad","tag-ivf-treatment-in-cyprus","tag-north-cyprus-ivf"],"yoast_head":"<!-- This site is optimized with the Yoast SEO plugin v24.3 - https:\/\/yoast.com\/wordpress\/plugins\/seo\/ -->\n<title>Covid-19 Vaccination and IVF - North Cyprus IVF<\/title>\n<meta name=\"robots\" content=\"index, follow, max-snippet:-1, max-image-preview:large, max-video-preview:-1\" \/>\n<link rel=\"canonical\" href=\"https:\/\/www.lowcostivf.net\/es\/latest-news-from-north-cyprus-ivf-center\/covid-19-vaccination-and-ivf\/\" \/>\n<meta property=\"og:locale\" content=\"es_ES\" \/>\n<meta property=\"og:type\" content=\"article\" \/>\n<meta property=\"og:title\" content=\"Covid-19 Vaccination and IVF - North Cyprus IVF\" \/>\n<meta property=\"og:description\" content=\"Many women considering IVF treatment during these difficult times of COVID-19 pandemic have been faced with additional challenges. The data relating to COVID-19, the vaccination, effects of COVID-19 infection on pregnancy, transforming COVID-19 infection to the infant and many more worrying questions have arisen. Needless to say this is still an unknown territory for current [&hellip;]\" \/>\n<meta property=\"og:url\" content=\"https:\/\/www.lowcostivf.net\/es\/latest-news-from-north-cyprus-ivf-center\/covid-19-vaccination-and-ivf\/\" \/>\n<meta property=\"og:site_name\" content=\"North Cyprus IVF\" \/>\n<meta property=\"article:publisher\" content=\"https:\/\/www.facebook.com\/northcyprusivf\/\" \/>\n<meta property=\"article:author\" content=\"https:\/\/www.facebook.com\/northcyprusivf\/\" \/>\n<meta property=\"article:published_time\" content=\"2021-06-27T22:13:25+00:00\" \/>\n<meta property=\"article:modified_time\" content=\"2021-06-27T22:42:34+00:00\" \/>\n<meta property=\"og:image\" content=\"https:\/\/www.lowcostivf.net\/wp-content\/uploads\/2021\/06\/covid-19-ivf-vaccination.jpg\" \/>\n\t<meta property=\"og:image:width\" content=\"1200\" \/>\n\t<meta property=\"og:image:height\" content=\"675\" \/>\n\t<meta property=\"og:image:type\" content=\"image\/jpeg\" \/>\n<meta name=\"author\" content=\"Asst. Prof. Dr Ahmet Ozyigit, MD\" \/>\n<meta name=\"twitter:card\" content=\"summary_large_image\" \/>\n<meta name=\"twitter:creator\" content=\"@https:\/\/twitter.com\/northcyprusivf\" \/>\n<meta name=\"twitter:label1\" content=\"Escrito por\" \/>\n\t<meta name=\"twitter:data1\" content=\"Asst. Prof. Dr Ahmet Ozyigit, MD\" \/>\n\t<meta name=\"twitter:label2\" content=\"Tiempo de lectura\" \/>\n\t<meta name=\"twitter:data2\" content=\"2 minutos\" \/>\n<script type=\"application\/ld+json\" class=\"yoast-schema-graph\">{\"@context\":\"https:\/\/schema.org\",\"@graph\":[{\"@type\":\"Article\",\"@id\":\"https:\/\/www.lowcostivf.net\/latest-news-from-north-cyprus-ivf-center\/covid-19-vaccination-and-ivf\/#article\",\"isPartOf\":{\"@id\":\"https:\/\/www.lowcostivf.net\/latest-news-from-north-cyprus-ivf-center\/covid-19-vaccination-and-ivf\/\"},\"author\":{\"name\":\"Asst. Prof. Dr Ahmet Ozyigit, MD\",\"@id\":\"https:\/\/www.lowcostivf.net\/#\/schema\/person\/3c5278f69208371a8b3bba4357bf872a\"},\"headline\":\"Covid-19 Vaccination and IVF\",\"datePublished\":\"2021-06-27T22:13:25+00:00\",\"dateModified\":\"2021-06-27T22:42:34+00:00\",\"mainEntityOfPage\":{\"@id\":\"https:\/\/www.lowcostivf.net\/latest-news-from-north-cyprus-ivf-center\/covid-19-vaccination-and-ivf\/\"},\"wordCount\":301,\"commentCount\":0,\"publisher\":{\"@id\":\"https:\/\/www.lowcostivf.net\/#organization\"},\"image\":{\"@id\":\"https:\/\/www.lowcostivf.net\/latest-news-from-north-cyprus-ivf-center\/covid-19-vaccination-and-ivf\/#primaryimage\"},\"thumbnailUrl\":\"https:\/\/www.lowcostivf.net\/wp-content\/uploads\/2021\/06\/covid-19-ivf-vaccination.jpg\",\"keywords\":[\"Covid-19 and IVF\",\"IVF Treatment Abroad\",\"IVF Treatment in Cyprus\",\"North Cyprus IVF\"],\"articleSection\":[\"IVF Treatment\",\"News\"],\"inLanguage\":\"es\",\"potentialAction\":[{\"@type\":\"CommentAction\",\"name\":\"Comment\",\"target\":[\"https:\/\/www.lowcostivf.net\/latest-news-from-north-cyprus-ivf-center\/covid-19-vaccination-and-ivf\/#respond\"]}]},{\"@type\":\"WebPage\",\"@id\":\"https:\/\/www.lowcostivf.net\/latest-news-from-north-cyprus-ivf-center\/covid-19-vaccination-and-ivf\/\",\"url\":\"https:\/\/www.lowcostivf.net\/latest-news-from-north-cyprus-ivf-center\/covid-19-vaccination-and-ivf\/\",\"name\":\"Covid-19 Vaccination and IVF - North Cyprus IVF\",\"isPartOf\":{\"@id\":\"https:\/\/www.lowcostivf.net\/#website\"},\"primaryImageOfPage\":{\"@id\":\"https:\/\/www.lowcostivf.net\/latest-news-from-north-cyprus-ivf-center\/covid-19-vaccination-and-ivf\/#primaryimage\"},\"image\":{\"@id\":\"https:\/\/www.lowcostivf.net\/latest-news-from-north-cyprus-ivf-center\/covid-19-vaccination-and-ivf\/#primaryimage\"},\"thumbnailUrl\":\"https:\/\/www.lowcostivf.net\/wp-content\/uploads\/2021\/06\/covid-19-ivf-vaccination.jpg\",\"datePublished\":\"2021-06-27T22:13:25+00:00\",\"dateModified\":\"2021-06-27T22:42:34+00:00\",\"breadcrumb\":{\"@id\":\"https:\/\/www.lowcostivf.net\/latest-news-from-north-cyprus-ivf-center\/covid-19-vaccination-and-ivf\/#breadcrumb\"},\"inLanguage\":\"es\",\"potentialAction\":[{\"@type\":\"ReadAction\",\"target\":[\"https:\/\/www.lowcostivf.net\/latest-news-from-north-cyprus-ivf-center\/covid-19-vaccination-and-ivf\/\"]}]},{\"@type\":\"ImageObject\",\"inLanguage\":\"es\",\"@id\":\"https:\/\/www.lowcostivf.net\/latest-news-from-north-cyprus-ivf-center\/covid-19-vaccination-and-ivf\/#primaryimage\",\"url\":\"https:\/\/www.lowcostivf.net\/wp-content\/uploads\/2021\/06\/covid-19-ivf-vaccination.jpg\",\"contentUrl\":\"https:\/\/www.lowcostivf.net\/wp-content\/uploads\/2021\/06\/covid-19-ivf-vaccination.jpg\",\"width\":1200,\"height\":675},{\"@type\":\"BreadcrumbList\",\"@id\":\"https:\/\/www.lowcostivf.net\/latest-news-from-north-cyprus-ivf-center\/covid-19-vaccination-and-ivf\/#breadcrumb\",\"itemListElement\":[{\"@type\":\"ListItem\",\"position\":1,\"name\":\"Home\",\"item\":\"https:\/\/www.lowcostivf.net\/\"},{\"@type\":\"ListItem\",\"position\":2,\"name\":\"Covid-19 Vaccination and IVF\"}]},{\"@type\":\"WebSite\",\"@id\":\"https:\/\/www.lowcostivf.net\/#website\",\"url\":\"https:\/\/www.lowcostivf.net\/\",\"name\":\"North Cyprus IVF\",\"description\":\"Highest IVF Success in Cyprus\",\"publisher\":{\"@id\":\"https:\/\/www.lowcostivf.net\/#organization\"},\"potentialAction\":[{\"@type\":\"SearchAction\",\"target\":{\"@type\":\"EntryPoint\",\"urlTemplate\":\"https:\/\/www.lowcostivf.net\/?s={search_term_string}\"},\"query-input\":{\"@type\":\"PropertyValueSpecification\",\"valueRequired\":true,\"valueName\":\"search_term_string\"}}],\"inLanguage\":\"es\"},{\"@type\":\"Organization\",\"@id\":\"https:\/\/www.lowcostivf.net\/#organization\",\"name\":\"North Cyprus IVF Centre\",\"alternateName\":\"Cyprus IVF Centre\",\"url\":\"https:\/\/www.lowcostivf.net\/\",\"logo\":{\"@type\":\"ImageObject\",\"inLanguage\":\"es\",\"@id\":\"https:\/\/www.lowcostivf.net\/#\/schema\/logo\/image\/\",\"url\":\"https:\/\/www.lowcostivf.net\/wp-content\/uploads\/2023\/08\/logo-cyprus-ivf-center-logo.png\",\"contentUrl\":\"https:\/\/www.lowcostivf.net\/wp-content\/uploads\/2023\/08\/logo-cyprus-ivf-center-logo.png\",\"width\":300,\"height\":300,\"caption\":\"North Cyprus IVF Centre\"},\"image\":{\"@id\":\"https:\/\/www.lowcostivf.net\/#\/schema\/logo\/image\/\"},\"sameAs\":[\"https:\/\/www.facebook.com\/northcyprusivf\/\"]},{\"@type\":\"Person\",\"@id\":\"https:\/\/www.lowcostivf.net\/#\/schema\/person\/3c5278f69208371a8b3bba4357bf872a\",\"name\":\"Asst. Prof. Dr Ahmet Ozyigit, MD\",\"image\":{\"@type\":\"ImageObject\",\"inLanguage\":\"es\",\"@id\":\"https:\/\/www.lowcostivf.net\/#\/schema\/person\/image\/\",\"url\":\"https:\/\/www.lowcostivf.net\/wp-content\/uploads\/2019\/11\/Asst-Prof-Ahmet-Ozyigit-150x150.jpg\",\"contentUrl\":\"https:\/\/www.lowcostivf.net\/wp-content\/uploads\/2019\/11\/Asst-Prof-Ahmet-Ozyigit-150x150.jpg\",\"caption\":\"Asst. Prof. Dr Ahmet Ozyigit, MD\"},\"description\":\"More recently, I have found my passion in health care where I first started off in a managing position and gradually integrated myself into the medical delivery of health care. Despite having a doctoral degree in social sciences, I have decided that being a medical doctor and being able to make a difference in provision of healthcare is something that I would like to do for the rest of my life.\",\"sameAs\":[\"https:\/\/www.lowcostivf.net\/dr-ahmet-ozyigit\/\",\"https:\/\/www.facebook.com\/northcyprusivf\/\",\"https:\/\/www.instagram.com\/ncivf\/\",\"https:\/\/www.linkedin.com\/in\/ahmetozyigit\",\"https:\/\/x.com\/https:\/\/twitter.com\/northcyprusivf\",\"https:\/\/www.youtube.com\/user\/ncivf\"],\"url\":\"https:\/\/www.lowcostivf.net\/es\/latest-news-from-north-cyprus-ivf-center\/author\/ahmetozyigit\/\"}]}<\/script>\n<!-- \/ Yoast SEO plugin. -->","yoast_head_json":{"title":"Covid-19 Vaccination and IVF - North Cyprus IVF","robots":{"index":"index","follow":"follow","max-snippet":"max-snippet:-1","max-image-preview":"max-image-preview:large","max-video-preview":"max-video-preview:-1"},"canonical":"https:\/\/www.lowcostivf.net\/es\/latest-news-from-north-cyprus-ivf-center\/covid-19-vaccination-and-ivf\/","og_locale":"es_ES","og_type":"article","og_title":"Covid-19 Vaccination and IVF - North Cyprus IVF","og_description":"Many women considering IVF treatment during these difficult times of COVID-19 pandemic have been faced with additional challenges. The data relating to COVID-19, the vaccination, effects of COVID-19 infection on pregnancy, transforming COVID-19 infection to the infant and many more worrying questions have arisen. Needless to say this is still an unknown territory for current [&hellip;]","og_url":"https:\/\/www.lowcostivf.net\/es\/latest-news-from-north-cyprus-ivf-center\/covid-19-vaccination-and-ivf\/","og_site_name":"North Cyprus IVF","article_publisher":"https:\/\/www.facebook.com\/northcyprusivf\/","article_author":"https:\/\/www.facebook.com\/northcyprusivf\/","article_published_time":"2021-06-27T22:13:25+00:00","article_modified_time":"2021-06-27T22:42:34+00:00","og_image":[{"width":1200,"height":675,"url":"https:\/\/www.lowcostivf.net\/wp-content\/uploads\/2021\/06\/covid-19-ivf-vaccination.jpg","type":"image\/jpeg"}],"author":"Asst. Prof. Dr Ahmet Ozyigit, MD","twitter_card":"summary_large_image","twitter_creator":"@https:\/\/twitter.com\/northcyprusivf","twitter_misc":{"Escrito por":"Asst. Prof. Dr Ahmet Ozyigit, MD","Tiempo de lectura":"2 minutos"},"schema":{"@context":"https:\/\/schema.org","@graph":[{"@type":"Article","@id":"https:\/\/www.lowcostivf.net\/latest-news-from-north-cyprus-ivf-center\/covid-19-vaccination-and-ivf\/#article","isPartOf":{"@id":"https:\/\/www.lowcostivf.net\/latest-news-from-north-cyprus-ivf-center\/covid-19-vaccination-and-ivf\/"},"author":{"name":"Asst. Prof. Dr Ahmet Ozyigit, MD","@id":"https:\/\/www.lowcostivf.net\/#\/schema\/person\/3c5278f69208371a8b3bba4357bf872a"},"headline":"Covid-19 Vaccination and IVF","datePublished":"2021-06-27T22:13:25+00:00","dateModified":"2021-06-27T22:42:34+00:00","mainEntityOfPage":{"@id":"https:\/\/www.lowcostivf.net\/latest-news-from-north-cyprus-ivf-center\/covid-19-vaccination-and-ivf\/"},"wordCount":301,"commentCount":0,"publisher":{"@id":"https:\/\/www.lowcostivf.net\/#organization"},"image":{"@id":"https:\/\/www.lowcostivf.net\/latest-news-from-north-cyprus-ivf-center\/covid-19-vaccination-and-ivf\/#primaryimage"},"thumbnailUrl":"https:\/\/www.lowcostivf.net\/wp-content\/uploads\/2021\/06\/covid-19-ivf-vaccination.jpg","keywords":["Covid-19 and IVF","IVF Treatment Abroad","IVF Treatment in Cyprus","North Cyprus IVF"],"articleSection":["IVF Treatment","News"],"inLanguage":"es","potentialAction":[{"@type":"CommentAction","name":"Comment","target":["https:\/\/www.lowcostivf.net\/latest-news-from-north-cyprus-ivf-center\/covid-19-vaccination-and-ivf\/#respond"]}]},{"@type":"WebPage","@id":"https:\/\/www.lowcostivf.net\/latest-news-from-north-cyprus-ivf-center\/covid-19-vaccination-and-ivf\/","url":"https:\/\/www.lowcostivf.net\/latest-news-from-north-cyprus-ivf-center\/covid-19-vaccination-and-ivf\/","name":"Covid-19 Vaccination and IVF - North Cyprus IVF","isPartOf":{"@id":"https:\/\/www.lowcostivf.net\/#website"},"primaryImageOfPage":{"@id":"https:\/\/www.lowcostivf.net\/latest-news-from-north-cyprus-ivf-center\/covid-19-vaccination-and-ivf\/#primaryimage"},"image":{"@id":"https:\/\/www.lowcostivf.net\/latest-news-from-north-cyprus-ivf-center\/covid-19-vaccination-and-ivf\/#primaryimage"},"thumbnailUrl":"https:\/\/www.lowcostivf.net\/wp-content\/uploads\/2021\/06\/covid-19-ivf-vaccination.jpg","datePublished":"2021-06-27T22:13:25+00:00","dateModified":"2021-06-27T22:42:34+00:00","breadcrumb":{"@id":"https:\/\/www.lowcostivf.net\/latest-news-from-north-cyprus-ivf-center\/covid-19-vaccination-and-ivf\/#breadcrumb"},"inLanguage":"es","potentialAction":[{"@type":"ReadAction","target":["https:\/\/www.lowcostivf.net\/latest-news-from-north-cyprus-ivf-center\/covid-19-vaccination-and-ivf\/"]}]},{"@type":"ImageObject","inLanguage":"es","@id":"https:\/\/www.lowcostivf.net\/latest-news-from-north-cyprus-ivf-center\/covid-19-vaccination-and-ivf\/#primaryimage","url":"https:\/\/www.lowcostivf.net\/wp-content\/uploads\/2021\/06\/covid-19-ivf-vaccination.jpg","contentUrl":"https:\/\/www.lowcostivf.net\/wp-content\/uploads\/2021\/06\/covid-19-ivf-vaccination.jpg","width":1200,"height":675},{"@type":"BreadcrumbList","@id":"https:\/\/www.lowcostivf.net\/latest-news-from-north-cyprus-ivf-center\/covid-19-vaccination-and-ivf\/#breadcrumb","itemListElement":[{"@type":"ListItem","position":1,"name":"Home","item":"https:\/\/www.lowcostivf.net\/"},{"@type":"ListItem","position":2,"name":"Covid-19 Vaccination and IVF"}]},{"@type":"WebSite","@id":"https:\/\/www.lowcostivf.net\/#website","url":"https:\/\/www.lowcostivf.net\/","name":"North Cyprus IVF","description":"Highest IVF Success in Cyprus","publisher":{"@id":"https:\/\/www.lowcostivf.net\/#organization"},"potentialAction":[{"@type":"SearchAction","target":{"@type":"EntryPoint","urlTemplate":"https:\/\/www.lowcostivf.net\/?s={search_term_string}"},"query-input":{"@type":"PropertyValueSpecification","valueRequired":true,"valueName":"search_term_string"}}],"inLanguage":"es"},{"@type":"Organization","@id":"https:\/\/www.lowcostivf.net\/#organization","name":"North Cyprus IVF Centre","alternateName":"Cyprus IVF Centre","url":"https:\/\/www.lowcostivf.net\/","logo":{"@type":"ImageObject","inLanguage":"es","@id":"https:\/\/www.lowcostivf.net\/#\/schema\/logo\/image\/","url":"https:\/\/www.lowcostivf.net\/wp-content\/uploads\/2023\/08\/logo-cyprus-ivf-center-logo.png","contentUrl":"https:\/\/www.lowcostivf.net\/wp-content\/uploads\/2023\/08\/logo-cyprus-ivf-center-logo.png","width":300,"height":300,"caption":"North Cyprus IVF Centre"},"image":{"@id":"https:\/\/www.lowcostivf.net\/#\/schema\/logo\/image\/"},"sameAs":["https:\/\/www.facebook.com\/northcyprusivf\/"]},{"@type":"Person","@id":"https:\/\/www.lowcostivf.net\/#\/schema\/person\/3c5278f69208371a8b3bba4357bf872a","name":"Asst. Prof. Dr Ahmet Ozyigit, MD","image":{"@type":"ImageObject","inLanguage":"es","@id":"https:\/\/www.lowcostivf.net\/#\/schema\/person\/image\/","url":"https:\/\/www.lowcostivf.net\/wp-content\/uploads\/2019\/11\/Asst-Prof-Ahmet-Ozyigit-150x150.jpg","contentUrl":"https:\/\/www.lowcostivf.net\/wp-content\/uploads\/2019\/11\/Asst-Prof-Ahmet-Ozyigit-150x150.jpg","caption":"Asst. Prof. Dr Ahmet Ozyigit, MD"},"description":"More recently, I have found my passion in health care where I first started off in a managing position and gradually integrated myself into the medical delivery of health care. Despite having a doctoral degree in social sciences, I have decided that being a medical doctor and being able to make a difference in provision of healthcare is something that I would like to do for the rest of my life.","sameAs":["https:\/\/www.lowcostivf.net\/dr-ahmet-ozyigit\/","https:\/\/www.facebook.com\/northcyprusivf\/","https:\/\/www.instagram.com\/ncivf\/","https:\/\/www.linkedin.com\/in\/ahmetozyigit","https:\/\/x.com\/https:\/\/twitter.com\/northcyprusivf","https:\/\/www.youtube.com\/user\/ncivf"],"url":"https:\/\/www.lowcostivf.net\/es\/latest-news-from-north-cyprus-ivf-center\/author\/ahmetozyigit\/"}]}},"_links":{"self":[{"href":"https:\/\/www.lowcostivf.net\/es\/wp-json\/wp\/v2\/posts\/9350"}],"collection":[{"href":"https:\/\/www.lowcostivf.net\/es\/wp-json\/wp\/v2\/posts"}],"about":[{"href":"https:\/\/www.lowcostivf.net\/es\/wp-json\/wp\/v2\/types\/post"}],"author":[{"embeddable":true,"href":"https:\/\/www.lowcostivf.net\/es\/wp-json\/wp\/v2\/users\/2"}],"replies":[{"embeddable":true,"href":"https:\/\/www.lowcostivf.net\/es\/wp-json\/wp\/v2\/comments?post=9350"}],"version-history":[{"count":1,"href":"https:\/\/www.lowcostivf.net\/es\/wp-json\/wp\/v2\/posts\/9350\/revisions"}],"predecessor-version":[{"id":9352,"href":"https:\/\/www.lowcostivf.net\/es\/wp-json\/wp\/v2\/posts\/9350\/revisions\/9352"}],"wp:featuredmedia":[{"embeddable":true,"href":"https:\/\/www.lowcostivf.net\/es\/wp-json\/wp\/v2\/media\/9351"}],"wp:attachment":[{"href":"https:\/\/www.lowcostivf.net\/es\/wp-json\/wp\/v2\/media?parent=9350"}],"wp:term":[{"taxonomy":"category","embeddable":true,"href":"https:\/\/www.lowcostivf.net\/es\/wp-json\/wp\/v2\/categories?post=9350"},{"taxonomy":"post_tag","embeddable":true,"href":"https:\/\/www.lowcostivf.net\/es\/wp-json\/wp\/v2\/tags?post=9350"}],"curies":[{"name":"wp","href":"https:\/\/api.w.org\/{rel}","templated":true}]}}